[{"@context":"https:\/\/schema.org\/","@type":"Article","@id":"https:\/\/www.europea.cz\/dekoracni-latky-jsou-skvele\/#Article","mainEntityOfPage":"https:\/\/www.europea.cz\/dekoracni-latky-jsou-skvele\/","headline":"Dekora\u010dn\u00ed l\u00e1tky jsou skv\u011bl\u00e9","name":"Dekora\u010dn\u00ed l\u00e1tky jsou skv\u011bl\u00e9","description":"Prov\u00e1zkov\u00e9 z\u00e1clony jsou st\u00e1le je\u0161t\u011b v m\u00f3d\u011b, stejn\u011b tak jako mnoho dal\u0161\u00edho sortimentu typu dekora\u010dn\u00ed l\u00e1tky. Ty jsou nav\u00edc \u010d\u00edm d\u00e1l v\u00edce \u017e\u00e1dan\u00e9, pou\u017e\u00edvan\u00e9, daj\u00ed se r\u016fzn\u011b variovat a m\u011bnit zp\u016fsob jejich pou\u017eit\u00ed. M\u00e1te n\u011bjakou utkv\u011blou p\u0159edstavu o z\u00e1v\u011bsech a z\u00e1clon\u00e1ch ve [&hellip;]","datePublished":"2025-01-22","dateModified":"2025-01-22","author":{"@type":"Person","@id":"https:\/\/www.europea.cz\/author\/#Person","name":"","url":"https:\/\/www.europea.cz\/author\/","identifier":1,"image":{"@type":"ImageObject","@id":"https:\/\/secure.gravatar.com\/avatar\/b70ca3e57a61efa655568ea1bab21ec867ae74beaf8b182b9ca53fe6fcb8cee7?s=96&d=mm&r=g","url":"https:\/\/secure.gravatar.com\/avatar\/b70ca3e57a61efa655568ea1bab21ec867ae74beaf8b182b9ca53fe6fcb8cee7?s=96&d=mm&r=g","height":96,"width":96}},"publisher":{"@type":"Organization","name":"europea.cz","logo":{"@type":"ImageObject","@id":"\/logo.png","url":"\/logo.png","width":600,"height":60}},"url":"https:\/\/www.europea.cz\/dekoracni-latky-jsou-skvele\/","wordCount":199,"articleBody":"Prov\u00e1zkov\u00e9 z\u00e1clony jsou st\u00e1le je\u0161t\u011b v m\u00f3d\u011b, stejn\u011b tak jako mnoho dal\u0161\u00edho sortimentu typu dekora\u010dn\u00ed l\u00e1tky. Ty jsou nav\u00edc \u010d\u00edm d\u00e1l v\u00edce \u017e\u00e1dan\u00e9, pou\u017e\u00edvan\u00e9, daj\u00ed se r\u016fzn\u011b variovat a m\u011bnit zp\u016fsob jejich pou\u017eit\u00ed. M\u00e1te n\u011bjakou utkv\u011blou p\u0159edstavu o z\u00e1v\u011bsech a z\u00e1clon\u00e1ch ve va\u0161em byt\u011b? Nem\u00e1te v\u016fbec \u017e\u00e1dnou? V ka\u017ed\u00e9m p\u0159\u00edpad\u011b pr\u00e1v\u011b pro v\u00e1s jsou p\u0159ipraveni poradci specialist\u00e9 z oboru, aby s v\u00e1mi spole\u010dn\u011b dekora\u010dn\u00ed l\u00e1tky pro v\u00e1\u0161 byt vybrali.Spolehliv\u00fd servisVyberete-li si n\u011bjakou metr\u00e1\u017e, objednejte si k n\u011bmu tak\u00e9 u\u0161it\u00ed a zapraven\u00ed a va\u0161e p\u0159edstava bude p\u0159edem napln\u011bna. Sta\u010d\u00ed u\u017e jenom p\u0159esn\u00e9 m\u00edry a va\u0161e p\u0159edstavivost o vypln\u011bn\u00ed prostoru v interi\u00e9ru \u010di vyu\u017eit\u00ed dekora\u010dn\u00edch tkanin. dekora\u010dn\u00ed l\u00e1tky d\u011blaj\u00ed mnoho, i kdy\u017e jsou zcela nen\u00e1padn\u00e9. Osv\u011btluj\u00ed prostor, opticky ho zmen\u0161\u00ed \u010di zv\u011bt\u0161\u00ed, jindy sni\u017euj\u00ed strop, pom\u00e1haj\u00ed vytv\u00e1\u0159et dojem, iluzi. Pochybujete-li, p\u0159esv\u011bd\u010dte se o tom.                                                                                                                                                                                                                                                                                                                                                                                                "},{"@context":"https:\/\/schema.org\/","@type":"BreadcrumbList","itemListElement":[{"@type":"ListItem","position":1,"name":"Dekora\u010dn\u00ed l\u00e1tky jsou skv\u011bl\u00e9","item":"https:\/\/www.europea.cz\/dekoracni-latky-jsou-skvele\/#breadcrumbitem"}]}]