[{"@context":"https:\/\/schema.org\/","@type":"Article","@id":"https:\/\/www.europea.cz\/jak-nas-technologie-pretvari\/#Article","mainEntityOfPage":"https:\/\/www.europea.cz\/jak-nas-technologie-pretvari\/","headline":"Jak n\u00e1s technologie p\u0159etv\u00e1\u0159\u00ed","name":"Jak n\u00e1s technologie p\u0159etv\u00e1\u0159\u00ed","description":"\u017dijeme v\u00a0dob\u011b velk\u00e9ho technologick\u00e9ho rozmachu. O tom nen\u00ed ani nejmen\u0161\u00edch pochyb. Nov\u00e1 vylep\u0161en\u00ed jsou k\u00a0za\u0159\u00edzen\u00edm p\u0159id\u00e1v\u00e1na dnes a denn\u011b, a reklamy n\u00e1s neust\u00e1le p\u0159esv\u011bd\u010duj\u00ed, abychom si po\u0159\u00eddili ten nejnov\u011bj\u0161\u00ed model. Je jasn\u00e9, \u017ee technologiemi p\u0159etv\u00e1\u0159\u00edme planetu, dnes rychleji ne\u017e kdy d\u0159\u00edv, a\u0165 [&hellip;]","datePublished":"2024-06-25","dateModified":"2024-06-26","author":{"@type":"Person","@id":"https:\/\/www.europea.cz\/author\/#Person","name":"","url":"https:\/\/www.europea.cz\/author\/","identifier":1,"image":{"@type":"ImageObject","@id":"https:\/\/secure.gravatar.com\/avatar\/b70ca3e57a61efa655568ea1bab21ec867ae74beaf8b182b9ca53fe6fcb8cee7?s=96&d=mm&r=g","url":"https:\/\/secure.gravatar.com\/avatar\/b70ca3e57a61efa655568ea1bab21ec867ae74beaf8b182b9ca53fe6fcb8cee7?s=96&d=mm&r=g","height":96,"width":96}},"publisher":{"@type":"Organization","name":"europea.cz","logo":{"@type":"ImageObject","@id":"\/logo.png","url":"\/logo.png","width":600,"height":60}},"image":{"@type":"ImageObject","@id":"https:\/\/www.europea.cz\/wp-content\/uploads\/inovace2_2.jpg","url":"https:\/\/www.europea.cz\/wp-content\/uploads\/inovace2_2.jpg","height":0,"width":0},"url":"https:\/\/www.europea.cz\/jak-nas-technologie-pretvari\/","about":["Technika"],"wordCount":442,"articleBody":"\u017dijeme v\u00a0dob\u011b velk\u00e9ho technologick\u00e9ho rozmachu. O tom nen\u00ed ani nejmen\u0161\u00edch pochyb. Nov\u00e1 vylep\u0161en\u00ed jsou k\u00a0za\u0159\u00edzen\u00edm p\u0159id\u00e1v\u00e1na dnes a denn\u011b, a reklamy n\u00e1s neust\u00e1le p\u0159esv\u011bd\u010duj\u00ed, abychom si po\u0159\u00eddili ten nejnov\u011bj\u0161\u00ed model. Je jasn\u00e9, \u017ee technologiemi p\u0159etv\u00e1\u0159\u00edme planetu, dnes rychleji ne\u017e kdy d\u0159\u00edv, a\u0165 u\u017e k\u00a0dobr\u00e9mu \u010di \u0161patn\u00e9mu.\u00a0Jen m\u00e1lokdo si v\u0161ak uv\u011bdomuje, \u017ee technologie p\u0159etv\u00e1\u0159\u00ed i n\u00e1s, a to jak na\u0161i fyzickou podobu, tak i zvyky a za\u017eit\u00e9 vzorce chov\u00e1n\u00ed. Na sob\u011b to samoz\u0159ejm\u011b nepozorujeme, av\u0161ak kdy\u017e potk\u00e1me nap\u0159\u00edklad star\u00e9ho \u010dlov\u011bka, kter\u00fd si s\u00a0modern\u00edmi technologiemi nerozum\u00ed, zjist\u00edme, \u017ee jeho mysl je nastavena \u00fapln\u011b jinak, ne\u017e ta na\u0161e.\u00a0\u00a0To je zp\u016fsobeno p\u0159edev\u0161\u00edm t\u00edm, \u017ee jsme se na technice nau\u010dili b\u00fdt z\u00e1visl\u00ed. Kdo z\u00a0n\u00e1s se obejde nap\u0159\u00edklad bez ledni\u010dky? A p\u0159ece ji lid\u00e9 kdysi neznali a dok\u00e1zali p\u0159e\u017e\u00edt i v\u00a0na\u0161ich klimatick\u00fdch podm\u00ednk\u00e1ch s\u00a0hork\u00fdm l\u00e9tem. Jen to vy\u017eadovalo jin\u00e9 zvyky, ne\u017e m\u00e1me dnes, p\u0159edev\u0161\u00edm co se t\u00fdk\u00e1 n\u00e1kupu.\u00a0Pokud jde o fyzickou podobu, pak ta se samoz\u0159ejm\u011b m\u011bn\u00ed pomaleji. I zde jsou v\u0161ak ji\u017e vid\u011bt ur\u010dit\u00e9 zm\u011bny, p\u0159edev\u0161\u00edm u nejmlad\u0161\u00ed generace. M\u016f\u017eeme si nap\u0159\u00edklad v\u0161imnout, \u017ee pr\u016fm\u011brn\u00e1 v\u00fd\u0161ka \u010dlov\u011bka neust\u00e1le roste. Jist\u011b, \u010d\u00e1ste\u010dn\u011b za to m\u016f\u017ee lep\u0161\u00ed strava a zdravotn\u00ed p\u00e9\u010de, zejm\u00e9na v\u00a0d\u011btstv\u00ed, av\u0161ak sv\u016fj pod\u00edl na tom m\u00e1 tak\u00e9 to, \u017ee valnou \u010d\u00e1st pr\u00e1ce, kterou lid\u00e9 d\u0159\u00edve d\u011blali, zastanou stroje. M\u016f\u017eeme tak d\u00e1t v\u00edce energie na r\u016fst a v\u00fdvoj.\u00a0\u00a0To sam\u00e9 plat\u00ed, co se t\u00fd\u010de pr\u016fm\u011brn\u00e9 d\u00e9lky \u017eivota. I ta se neust\u00e1le zvy\u0161uje. Za t\u00edm samoz\u0159ejm\u011b stoj\u00ed lep\u0161\u00ed zdravotn\u00ed p\u00e9\u010de, i ta je v\u0161ak zna\u010dn\u011b z\u00e1visl\u00e1 na nov\u00fdch technologi\u00edch. Sta\u010d\u00ed se pod\u00edvat, kolik vy\u0161et\u0159ovac\u00edch p\u0159\u00edstroj\u016f m\u00e1me dnes k\u00a0dispozici o kter\u00fdch se na\u0161im p\u0159edk\u016fm ani nesnilo. Dok\u00e1\u017eeme tak mnoho chorob diagnostikovat ji\u017e v\u00a0ran\u00e9m stadiu, kdy se s\u00a0nimi lze vypo\u0159\u00e1dat mnohem l\u00e9pe.\u00a0Je pak jasn\u00e9, \u017ee tyto zm\u011bny budou pokra\u010dovat, a\u0165 se n\u00e1m to l\u00edb\u00ed, \u010di nikoliv. Je jen ot\u00e1zkou, zda hceme b\u00fdt jejich sou\u010d\u00e1st\u00ed.                                                                                                                                                                                                                                                                                                                                                                                                "},{"@context":"https:\/\/schema.org\/","@type":"BreadcrumbList","itemListElement":[{"@type":"ListItem","position":1,"name":"Jak n\u00e1s technologie p\u0159etv\u00e1\u0159\u00ed","item":"https:\/\/www.europea.cz\/jak-nas-technologie-pretvari\/#breadcrumbitem"}]}]