[{"@context":"https:\/\/schema.org\/","@type":"Article","@id":"https:\/\/www.europea.cz\/mit-prehled-o-svych-vecech-ve-skrini-se-vyplaci\/#Article","mainEntityOfPage":"https:\/\/www.europea.cz\/mit-prehled-o-svych-vecech-ve-skrini-se-vyplaci\/","headline":"M\u00edt p\u0159ehled o sv\u00fdch v\u011bcech ve sk\u0159\u00edni se vypl\u00e1c\u00ed","name":"M\u00edt p\u0159ehled o sv\u00fdch v\u011bcech ve sk\u0159\u00edni se vypl\u00e1c\u00ed","description":"Tak\u00e9 se t\u011b\u0161\u00edte na dovolenou? Pokud si ji ni\u010d\u00edm nepokaz\u00edte, nap\u0159\u00edklad partnersk\u00fdm konfliktem \u010di n\u011bjak\u00fdmi technick\u00fdmi z\u00e1le\u017eitostmi, pak by to mohlo b\u00fdt dlouho o\u010dek\u00e1van\u00e9 obdob\u00ed klidu a pohody. Ka\u017ed\u00e9 dovolen\u00e9 p\u0159edch\u00e1z\u00ed p\u0159\u00edpravn\u00e1 f\u00e1ze, kam se po\u010d\u00edt\u00e1 i balen\u00ed v\u011bc\u00ed. Zd\u00e1nliv\u00e1 mali\u010dkost, jako [&hellip;]","datePublished":"2024-12-10","dateModified":"2024-12-10","author":{"@type":"Person","@id":"https:\/\/www.europea.cz\/author\/#Person","name":"","url":"https:\/\/www.europea.cz\/author\/","identifier":1,"image":{"@type":"ImageObject","@id":"https:\/\/secure.gravatar.com\/avatar\/b70ca3e57a61efa655568ea1bab21ec867ae74beaf8b182b9ca53fe6fcb8cee7?s=96&d=mm&r=g","url":"https:\/\/secure.gravatar.com\/avatar\/b70ca3e57a61efa655568ea1bab21ec867ae74beaf8b182b9ca53fe6fcb8cee7?s=96&d=mm&r=g","height":96,"width":96}},"publisher":{"@type":"Organization","name":"europea.cz","logo":{"@type":"ImageObject","@id":"\/logo.png","url":"\/logo.png","width":600,"height":60}},"image":{"@type":"ImageObject","@id":"https:\/\/www.europea.cz\/wp-content\/uploads\/closet-4696557_640_10_4.jpg","url":"https:\/\/www.europea.cz\/wp-content\/uploads\/closet-4696557_640_10_4.jpg","height":0,"width":0},"url":"https:\/\/www.europea.cz\/mit-prehled-o-svych-vecech-ve-skrini-se-vyplaci\/","about":["Nakupov\u00e1n\u00ed"],"wordCount":416,"articleBody":"        Tak\u00e9 se t\u011b\u0161\u00edte na dovolenou? Pokud si ji ni\u010d\u00edm nepokaz\u00edte, nap\u0159\u00edklad partnersk\u00fdm konfliktem \u010di n\u011bjak\u00fdmi technick\u00fdmi z\u00e1le\u017eitostmi, pak by to mohlo b\u00fdt dlouho o\u010dek\u00e1van\u00e9 obdob\u00ed klidu a pohody. Ka\u017ed\u00e9 dovolen\u00e9 p\u0159edch\u00e1z\u00ed p\u0159\u00edpravn\u00e1 f\u00e1ze, kam se po\u010d\u00edt\u00e1 i balen\u00ed v\u011bc\u00ed. Zd\u00e1nliv\u00e1 mali\u010dkost, jako je balen\u00ed kufru, se v\u0161ak m\u016f\u017ee prom\u011bnit v hororovou sc\u00e9nu, zvl\u00e1\u0161t\u011b ve chv\u00edli, kdy m\u00e1te na balen\u00ed v\u011bc\u00ed vymezen\u00fd \u010das, abyste stihli odlet letadla nebo odjezd z\u00e1jezdov\u00e9ho autobusu. M\u00e1te-li doma vestav\u011bnou sk\u0159\u00ed\u0148 z Prahy s posuvn\u00fdmi dve\u0159mi a v\u0161echny va\u0161e v\u011bci jsou v n\u00ed precizn\u011b vyskl\u00e1dan\u00e9 a srovnan\u00e9, sta\u010d\u00ed jedn\u00edm prstem posunout dve\u0159e a postupn\u011b ukl\u00e1dat do kufru jeden p\u0159edm\u011bt za druh\u00fdm. B\u011bhem patn\u00e1cti, dvaceti minut m\u00e1te pohodln\u011b sbaleno a jdete si do kuchyn\u011b uva\u0159it \u010daj a n\u011bco sn\u00edst, ne\u017e vyraz\u00edte na leti\u0161t\u011b. V\u0161e jde podle pl\u00e1nu a va\u0161e dovolen\u00e1 se za\u010d\u00edn\u00e1 rozb\u00edhat. A nyn\u00ed si p\u0159edstavte situaci, kdy nem\u00e1te vestav\u011bnou sk\u0159\u00ed\u0148, ale dv\u011b komody, jednu \u0161atn\u00ed sk\u0159\u00ed\u0148 v lo\u017enici, \u00falo\u017en\u00fd prostor pod postel\u00ed v lo\u017enici, \u00falo\u017en\u00fd prostor pod rozkl\u00e1dac\u00ed pohovkou v ob\u00fdv\u00e1ku, sk\u0159\u00ed\u0148 ve sklep\u011b a sk\u0159\u00ed\u0148 v gar\u00e1\u017ei. Va\u0161e v\u011bci jsou rozm\u00edst\u011bn\u00e9 na sedmi m\u00edstech v dom\u011b a vy mezi nimi pob\u00edh\u00e1te jako spla\u0161en\u00fd k\u016f\u0148, v chaosu a zmatku. Hled\u00e1te plavkov\u00e9 \u0161ortky, \u0161norchl a ploutve, fotoapar\u00e1t, boty do vody, letn\u00ed sez\u00f3nn\u00ed sand\u00e1ly, cestovn\u00ed bat\u016f\u017eek, pl\u00e1\u0161t\u011bnku, v\u011btrovku, ledvinku, k\u0161iltovku a dal\u0161\u00ed p\u0159edm\u011bty, ztr\u00e1c\u00edte p\u0159ehled, co u\u017e v kufru m\u00e1te, a co je\u0161t\u011b ne, ale hlavn\u011b rychle ub\u00edh\u00e1 \u010das a vy jste ve stresu z toho, \u017ee v\u00e1m letadlo ulet\u00ed p\u0159ed nosem. S vestav\u011bnou sk\u0159\u00edn\u00ed je zkr\u00e1tka \u017eivot snaz\u0161\u00ed, u\u0161et\u0159\u00edte \u010das a energii, nemus\u00edte se zbyte\u010dn\u011b stresovat a d\u00edky tomu se pak odv\u00edj\u00ed dal\u0161\u00ed sc\u00e9n\u00e1\u0159e va\u0161eho \u017eivota l\u00e9pe a bez probl\u00e9m\u016f. Vestav\u011bn\u00e1 sk\u0159\u00ed\u0148 je pro mnoh\u00e9 z n\u00e1s nepostradateln\u00fd pomocn\u00edk, a to nejen p\u0159i balen\u00ed v\u011bc\u00ed na dovolenou, ale i v b\u011b\u017en\u00e9m ka\u017edodenn\u00edm \u017eivot\u011b.                                                                                                                                                                                                                                                                                                                                                                                                  "},{"@context":"https:\/\/schema.org\/","@type":"BreadcrumbList","itemListElement":[{"@type":"ListItem","position":1,"name":"M\u00edt p\u0159ehled o sv\u00fdch v\u011bcech ve sk\u0159\u00edni se vypl\u00e1c\u00ed","item":"https:\/\/www.europea.cz\/mit-prehled-o-svych-vecech-ve-skrini-se-vyplaci\/#breadcrumbitem"}]}]