[{"@context":"https:\/\/schema.org\/","@type":"Article","@id":"https:\/\/www.europea.cz\/mravenci-nam-take-vadi\/#Article","mainEntityOfPage":"https:\/\/www.europea.cz\/mravenci-nam-take-vadi\/","headline":"Mravenci n\u00e1m tak\u00e9 vad\u00ed","name":"Mravenci n\u00e1m tak\u00e9 vad\u00ed","description":"N\u00e1zory n\u00e1s lid\u00ed na mravence se r\u016fzn\u00ed. Z\u00e1le\u017e\u00ed toti\u017e na tom, jak\u00e9 s nimi m\u00e1me zku\u0161enosti a kde je pr\u00e1v\u011b potk\u00e1v\u00e1me. Pokud jsou tito ve voln\u00e9 p\u0159\u00edrod\u011b, nic proti nim nem\u00edv\u00e1me a znalci je dokonce hodnot\u00ed velice pozitivn\u011b jako tvory, kte\u0159\u00ed pom\u00e1haj\u00ed [&hellip;]","datePublished":"2024-11-20","dateModified":"2024-11-20","author":{"@type":"Person","@id":"https:\/\/www.europea.cz\/author\/#Person","name":"","url":"https:\/\/www.europea.cz\/author\/","identifier":1,"image":{"@type":"ImageObject","@id":"https:\/\/secure.gravatar.com\/avatar\/b70ca3e57a61efa655568ea1bab21ec867ae74beaf8b182b9ca53fe6fcb8cee7?s=96&d=mm&r=g","url":"https:\/\/secure.gravatar.com\/avatar\/b70ca3e57a61efa655568ea1bab21ec867ae74beaf8b182b9ca53fe6fcb8cee7?s=96&d=mm&r=g","height":96,"width":96}},"publisher":{"@type":"Organization","name":"europea.cz","logo":{"@type":"ImageObject","@id":"\/logo.png","url":"\/logo.png","width":600,"height":60}},"image":{"@type":"ImageObject","@id":"https:\/\/www.europea.cz\/wp-content\/uploads\/mmmm_5.jpg","url":"https:\/\/www.europea.cz\/wp-content\/uploads\/mmmm_5.jpg","height":0,"width":0},"url":"https:\/\/www.europea.cz\/mravenci-nam-take-vadi\/","about":["Business"],"wordCount":404,"articleBody":"   N\u00e1zory n\u00e1s lid\u00ed na mravence se r\u016fzn\u00ed. Z\u00e1le\u017e\u00ed toti\u017e na tom, jak\u00e9 s nimi m\u00e1me zku\u0161enosti a kde je pr\u00e1v\u011b potk\u00e1v\u00e1me. Pokud jsou tito ve voln\u00e9 p\u0159\u00edrod\u011b, nic proti nim nem\u00edv\u00e1me a znalci je dokonce hodnot\u00ed velice pozitivn\u011b jako tvory, kte\u0159\u00ed pom\u00e1haj\u00ed \u010distit p\u0159\u00edrodu t\u0159eba od odum\u0159el\u00e9ho hmyzu. Ale kdy\u017e se nast\u011bhuj\u00ed k n\u00e1m dom\u016f, u\u017e je r\u00e1di nem\u00e1me, a to proto, \u017ee n\u00e1m tady \u0161kod\u00ed. A \u0161k\u016fdce nem\u00e1 nikdo r\u00e1d.Nejsp\u00ed\u0161e v\u00edte, pro\u010d mravenci v lidsk\u00fdch p\u0159\u00edbytc\u00edch vad\u00ed. Jdou po na\u0161ich potravin\u00e1ch, u kter\u00fdch jsou schopni prokousat i jejich leckter\u00e9 obaly, a devastuj\u00ed t\u0159eba i na\u0161e domy jako takov\u00e9. A to si my lid\u00e9 p\u0159ece nem\u016f\u017eeme nechat l\u00edbit. A kdy\u017e se u n\u00e1s tedy mravenci objev\u00ed, bojujeme proti nim. Jen\u017ee ne v\u017edy \u00fasp\u011b\u0161n\u011b. Amat\u00e9rsky sice lehce zlikvidujeme ty, kte\u0159\u00ed jsou n\u00e1m pr\u00e1v\u011b na o\u010d\u00edch, a to nejsp\u00ed\u0161e n\u011bjak\u00fdm post\u0159ikem, u kter\u00e9ho si vesm\u011bs jenom mus\u00edme d\u00e1t pozor, abychom j\u00edm nepost\u0159\u00edkali i potraviny, kter\u00e9 budeme konzumovat, nebo se toho nenad\u00fdchali. Proto\u017ee jde o jedy. Ale ty ostatn\u00ed ne.Jen\u017ee aby byl n\u00e1\u0161 boj \u00fasp\u011b\u0161n\u00fd, mus\u00ed se zlikvidovat i ti mravenci, kte\u0159\u00ed jsou u n\u00e1s pr\u00e1v\u011b leckde zalezl\u00ed. A to u\u017e je slo\u017eit\u011bj\u0161\u00ed. A tak se povol\u00e1v\u00e1 v ide\u00e1ln\u00edm p\u0159\u00edpad\u011b na huben\u00ed takov\u00fdch mravenc\u016f specializovan\u00e1 firma. Kdy\u017e se toti\u017e ujme likvidace mravenc\u016f https:\/\/dezinfekceexpres.cz\/likvidace-mravencu\/, je v\u00fdsledek daleko dokonalej\u0161\u00ed.Ale ani ten s\u00e1m o sob\u011b je\u0161t\u011b situaci vy\u0159e\u0161it nemus\u00ed. A tak bychom si m\u011bli pamatovat, \u017ee je po vyhuben\u00ed mravenc\u016f t\u0159eba odstranit nebo aspo\u0148 dokonale zabalit v\u0161echno, co je pro n\u011b l\u00e1kadlem. Tedy hlavn\u011b potraviny. Proto\u017ee jenom odborn\u00fd z\u00e1sah n\u00e1sledovan\u00fd zm\u011bnami, kv\u016fli kter\u00fdm k n\u00e1m u\u017e mravenci nebudou v\u00e1beni, p\u0159inese jistotu, \u017ee od nich u\u017e budeme m\u00edt pokoj. Co\u017e je d\u016fle\u017eit\u00e9. Proto\u017ee sou\u017eit\u00ed n\u00e1s lid\u00ed s mravenci nen\u00ed ani p\u0159\u00edjemn\u00e9, ani \u017e\u00e1douc\u00ed. Mravenci a\u0165 si \u017eij\u00ed jenom n\u011bkde v p\u0159\u00edrod\u011b, kde proti nim v\u016fbec nic nenam\u00edt\u00e1me.                                                                                                                                                                                                                                                                                                                                                                                                  "},{"@context":"https:\/\/schema.org\/","@type":"BreadcrumbList","itemListElement":[{"@type":"ListItem","position":1,"name":"Mravenci n\u00e1m tak\u00e9 vad\u00ed","item":"https:\/\/www.europea.cz\/mravenci-nam-take-vadi\/#breadcrumbitem"}]}]