{"@context":"https:\/\/schema.org\/","@type":"CollectionPage","@id":"https:\/\/www.europea.cz\/nakupovani\/#CollectionPage","headline":"Nakupov\u00e1n\u00ed Category","description":"","url":"https:\/\/www.europea.cz\/nakupovani\/","hasPart":[{"@type":"Article","@id":"https:\/\/www.europea.cz\/skvela-kuchyne-za-dobrou-cenu\/","headline":"Skv\u011bl\u00e1 kuchyn\u011b za dobrou cenu","url":"https:\/\/www.europea.cz\/skvela-kuchyne-za-dobrou-cenu\/","datePublished":"2024-09-16","dateModified":"2024-09-16","mainEntityOfPage":"https:\/\/www.europea.cz\/skvela-kuchyne-za-dobrou-cenu\/","author":{"@type":"Person","@id":"https:\/\/www.europea.cz\/author\/#Person","name":"","url":"https:\/\/www.europea.cz\/author\/","identifier":1,"image":{"@type":"ImageObject","@id":"https:\/\/secure.gravatar.com\/avatar\/b70ca3e57a61efa655568ea1bab21ec867ae74beaf8b182b9ca53fe6fcb8cee7?s=96&d=mm&r=g","url":"https:\/\/secure.gravatar.com\/avatar\/b70ca3e57a61efa655568ea1bab21ec867ae74beaf8b182b9ca53fe6fcb8cee7?s=96&d=mm&r=g","height":96,"width":96}},"publisher":{"@type":"Organization","name":"europea.cz","logo":{"@type":"ImageObject","@id":"\/logo.png","url":"\/logo.png","width":600,"height":60}},"image":{"@type":"ImageObject","@id":"https:\/\/www.europea.cz\/wp-content\/uploads\/kitchen-1224845_640_10_10_2.jpg","url":"https:\/\/www.europea.cz\/wp-content\/uploads\/kitchen-1224845_640_10_10_2.jpg","height":0,"width":0},"keywords":null},{"@type":"Article","@id":"https:\/\/www.europea.cz\/uzasna-kuchyne\/","headline":"\u00da\u017easn\u00e1 kuchyn\u011b","url":"https:\/\/www.europea.cz\/uzasna-kuchyne\/","datePublished":"2024-09-15","dateModified":"2024-09-15","mainEntityOfPage":"https:\/\/www.europea.cz\/uzasna-kuchyne\/","author":{"@type":"Person","@id":"https:\/\/www.europea.cz\/author\/#Person","name":"","url":"https:\/\/www.europea.cz\/author\/","identifier":1,"image":{"@type":"ImageObject","@id":"https:\/\/secure.gravatar.com\/avatar\/b70ca3e57a61efa655568ea1bab21ec867ae74beaf8b182b9ca53fe6fcb8cee7?s=96&d=mm&r=g","url":"https:\/\/secure.gravatar.com\/avatar\/b70ca3e57a61efa655568ea1bab21ec867ae74beaf8b182b9ca53fe6fcb8cee7?s=96&d=mm&r=g","height":96,"width":96}},"publisher":{"@type":"Organization","name":"europea.cz","logo":{"@type":"ImageObject","@id":"\/logo.png","url":"\/logo.png","width":600,"height":60}},"image":{"@type":"ImageObject","@id":"https:\/\/www.europea.cz\/wp-content\/uploads\/pexels-andreaedavis-28208034_2.jpg","url":"https:\/\/www.europea.cz\/wp-content\/uploads\/pexels-andreaedavis-28208034_2.jpg","height":0,"width":0},"keywords":null},{"@type":"Article","@id":"https:\/\/www.europea.cz\/nerezove-zabradli-pro-vnitrni-i-venkovni-vyuziti\/","headline":"Nerezov\u00e9 z\u00e1bradl\u00ed pro vnit\u0159n\u00ed i venkovn\u00ed vyu\u017eit\u00ed","url":"https:\/\/www.europea.cz\/nerezove-zabradli-pro-vnitrni-i-venkovni-vyuziti\/","datePublished":"2024-09-14","dateModified":"2024-09-14","mainEntityOfPage":"https:\/\/www.europea.cz\/nerezove-zabradli-pro-vnitrni-i-venkovni-vyuziti\/","author":{"@type":"Person","@id":"https:\/\/www.europea.cz\/author\/#Person","name":"","url":"https:\/\/www.europea.cz\/author\/","identifier":1,"image":{"@type":"ImageObject","@id":"https:\/\/secure.gravatar.com\/avatar\/b70ca3e57a61efa655568ea1bab21ec867ae74beaf8b182b9ca53fe6fcb8cee7?s=96&d=mm&r=g","url":"https:\/\/secure.gravatar.com\/avatar\/b70ca3e57a61efa655568ea1bab21ec867ae74beaf8b182b9ca53fe6fcb8cee7?s=96&d=mm&r=g","height":96,"width":96}},"publisher":{"@type":"Organization","name":"europea.cz","logo":{"@type":"ImageObject","@id":"\/logo.png","url":"\/logo.png","width":600,"height":60}},"image":{"@type":"ImageObject","@id":"https:\/\/www.europea.cz\/wp-content\/uploads\/railing-4562364_640_9.jpg","url":"https:\/\/www.europea.cz\/wp-content\/uploads\/railing-4562364_640_9.jpg","height":0,"width":0},"keywords":null},{"@type":"Article","@id":"https:\/\/www.europea.cz\/vystavba-podlahoveho-topeni-ma-dnes-zelenou\/","headline":"V\u00fdstavba podlahov\u00e9ho topen\u00ed m\u00e1 dnes zelenou","url":"https:\/\/www.europea.cz\/vystavba-podlahoveho-topeni-ma-dnes-zelenou\/","datePublished":"2024-09-14","dateModified":"2024-09-14","mainEntityOfPage":"https:\/\/www.europea.cz\/vystavba-podlahoveho-topeni-ma-dnes-zelenou\/","author":{"@type":"Person","@id":"https:\/\/www.europea.cz\/author\/#Person","name":"","url":"https:\/\/www.europea.cz\/author\/","identifier":1,"image":{"@type":"ImageObject","@id":"https:\/\/secure.gravatar.com\/avatar\/b70ca3e57a61efa655568ea1bab21ec867ae74beaf8b182b9ca53fe6fcb8cee7?s=96&d=mm&r=g","url":"https:\/\/secure.gravatar.com\/avatar\/b70ca3e57a61efa655568ea1bab21ec867ae74beaf8b182b9ca53fe6fcb8cee7?s=96&d=mm&r=g","height":96,"width":96}},"publisher":{"@type":"Organization","name":"europea.cz","logo":{"@type":"ImageObject","@id":"\/logo.png","url":"\/logo.png","width":600,"height":60}},"image":{"@type":"ImageObject","@id":"https:\/\/www.europea.cz\/wp-content\/uploads\/pexels-cottonbro-4155021.jpg","url":"https:\/\/www.europea.cz\/wp-content\/uploads\/pexels-cottonbro-4155021.jpg","height":0,"width":0},"keywords":null},{"@type":"Article","@id":"https:\/\/www.europea.cz\/reklamni-predmety\/","headline":"Reklamn\u00ed p\u0159edm\u011bty","url":"https:\/\/www.europea.cz\/reklamni-predmety\/","datePublished":"2024-09-14","dateModified":"2024-09-14","mainEntityOfPage":"https:\/\/www.europea.cz\/reklamni-predmety\/","author":{"@type":"Person","@id":"https:\/\/www.europea.cz\/author\/#Person","name":"","url":"https:\/\/www.europea.cz\/author\/","identifier":1,"image":{"@type":"ImageObject","@id":"https:\/\/secure.gravatar.com\/avatar\/b70ca3e57a61efa655568ea1bab21ec867ae74beaf8b182b9ca53fe6fcb8cee7?s=96&d=mm&r=g","url":"https:\/\/secure.gravatar.com\/avatar\/b70ca3e57a61efa655568ea1bab21ec867ae74beaf8b182b9ca53fe6fcb8cee7?s=96&d=mm&r=g","height":96,"width":96}},"publisher":{"@type":"Organization","name":"europea.cz","logo":{"@type":"ImageObject","@id":"\/logo.png","url":"\/logo.png","width":600,"height":60}},"image":{"@type":"ImageObject","@id":"https:\/\/www.europea.cz\/wp-content\/uploads\/emerald-cockroach-wasp-3688723_640.jpg","url":"https:\/\/www.europea.cz\/wp-content\/uploads\/emerald-cockroach-wasp-3688723_640.jpg","height":0,"width":0},"keywords":null},{"@type":"Article","@id":"https:\/\/www.europea.cz\/co-dokaze-dnesni-medicina\/","headline":"Co dok\u00e1\u017ee dne\u0161n\u00ed medic\u00edna?","url":"https:\/\/www.europea.cz\/co-dokaze-dnesni-medicina\/","datePublished":"2024-09-11","dateModified":"2024-09-11","mainEntityOfPage":"https:\/\/www.europea.cz\/co-dokaze-dnesni-medicina\/","author":{"@type":"Person","@id":"https:\/\/www.europea.cz\/author\/#Person","name":"","url":"https:\/\/www.europea.cz\/author\/","identifier":1,"image":{"@type":"ImageObject","@id":"https:\/\/secure.gravatar.com\/avatar\/b70ca3e57a61efa655568ea1bab21ec867ae74beaf8b182b9ca53fe6fcb8cee7?s=96&d=mm&r=g","url":"https:\/\/secure.gravatar.com\/avatar\/b70ca3e57a61efa655568ea1bab21ec867ae74beaf8b182b9ca53fe6fcb8cee7?s=96&d=mm&r=g","height":96,"width":96}},"publisher":{"@type":"Organization","name":"europea.cz","logo":{"@type":"ImageObject","@id":"\/logo.png","url":"\/logo.png","width":600,"height":60}},"image":{"@type":"ImageObject","@id":"https:\/\/www.europea.cz\/wp-content\/uploads\/bunda%201.jpg","url":"https:\/\/www.europea.cz\/wp-content\/uploads\/bunda%201.jpg","height":0,"width":0},"keywords":null},{"@type":"Article","@id":"https:\/\/www.europea.cz\/betonovy-plot-si-nechte-postavit-na-klic\/","headline":"Betonov\u00fd plot si nechte postavit na kl\u00ed\u010d","url":"https:\/\/www.europea.cz\/betonovy-plot-si-nechte-postavit-na-klic\/","datePublished":"2024-09-11","dateModified":"2024-09-11","mainEntityOfPage":"https:\/\/www.europea.cz\/betonovy-plot-si-nechte-postavit-na-klic\/","author":{"@type":"Person","@id":"https:\/\/www.europea.cz\/author\/#Person","name":"","url":"https:\/\/www.europea.cz\/author\/","identifier":1,"image":{"@type":"ImageObject","@id":"https:\/\/secure.gravatar.com\/avatar\/b70ca3e57a61efa655568ea1bab21ec867ae74beaf8b182b9ca53fe6fcb8cee7?s=96&d=mm&r=g","url":"https:\/\/secure.gravatar.com\/avatar\/b70ca3e57a61efa655568ea1bab21ec867ae74beaf8b182b9ca53fe6fcb8cee7?s=96&d=mm&r=g","height":96,"width":96}},"publisher":{"@type":"Organization","name":"europea.cz","logo":{"@type":"ImageObject","@id":"\/logo.png","url":"\/logo.png","width":600,"height":60}},"image":{"@type":"ImageObject","@id":"https:\/\/www.europea.cz\/wp-content\/uploads\/brick-wall-3170274_640.jpg","url":"https:\/\/www.europea.cz\/wp-content\/uploads\/brick-wall-3170274_640.jpg","height":0,"width":0},"keywords":null},{"@type":"Article","@id":"https:\/\/www.europea.cz\/jak-na-nas-pusobi-barvy-posuvnych-dveri-vestavenych-skrini\/","headline":"Jak na n\u00e1s p\u016fsob\u00ed barvy posuvn\u00fdch dve\u0159\u00ed vestav\u011bn\u00fdch sk\u0159\u00edn\u00ed","url":"https:\/\/www.europea.cz\/jak-na-nas-pusobi-barvy-posuvnych-dveri-vestavenych-skrini\/","datePublished":"2024-08-23","dateModified":"2024-08-23","mainEntityOfPage":"https:\/\/www.europea.cz\/jak-na-nas-pusobi-barvy-posuvnych-dveri-vestavenych-skrini\/","author":{"@type":"Person","@id":"https:\/\/www.europea.cz\/author\/#Person","name":"","url":"https:\/\/www.europea.cz\/author\/","identifier":1,"image":{"@type":"ImageObject","@id":"https:\/\/secure.gravatar.com\/avatar\/b70ca3e57a61efa655568ea1bab21ec867ae74beaf8b182b9ca53fe6fcb8cee7?s=96&d=mm&r=g","url":"https:\/\/secure.gravatar.com\/avatar\/b70ca3e57a61efa655568ea1bab21ec867ae74beaf8b182b9ca53fe6fcb8cee7?s=96&d=mm&r=g","height":96,"width":96}},"publisher":{"@type":"Organization","name":"europea.cz","logo":{"@type":"ImageObject","@id":"\/logo.png","url":"\/logo.png","width":600,"height":60}},"image":{"@type":"ImageObject","@id":"https:\/\/www.europea.cz\/wp-content\/uploads\/closet-4696557_640_10.jpg","url":"https:\/\/www.europea.cz\/wp-content\/uploads\/closet-4696557_640_10.jpg","height":0,"width":0},"keywords":null},{"@type":"Article","@id":"https:\/\/www.europea.cz\/kdyz-se-stavi-svepomoci-topeni-v-podlaze\/","headline":"Kdy\u017e se stav\u00ed sv\u00e9pomoc\u00ed topen\u00ed v podlaze","url":"https:\/\/www.europea.cz\/kdyz-se-stavi-svepomoci-topeni-v-podlaze\/","datePublished":"2024-08-20","dateModified":"2024-08-20","mainEntityOfPage":"https:\/\/www.europea.cz\/kdyz-se-stavi-svepomoci-topeni-v-podlaze\/","author":{"@type":"Person","@id":"https:\/\/www.europea.cz\/author\/#Person","name":"","url":"https:\/\/www.europea.cz\/author\/","identifier":1,"image":{"@type":"ImageObject","@id":"https:\/\/secure.gravatar.com\/avatar\/b70ca3e57a61efa655568ea1bab21ec867ae74beaf8b182b9ca53fe6fcb8cee7?s=96&d=mm&r=g","url":"https:\/\/secure.gravatar.com\/avatar\/b70ca3e57a61efa655568ea1bab21ec867ae74beaf8b182b9ca53fe6fcb8cee7?s=96&d=mm&r=g","height":96,"width":96}},"publisher":{"@type":"Organization","name":"europea.cz","logo":{"@type":"ImageObject","@id":"\/logo.png","url":"\/logo.png","width":600,"height":60}},"image":{"@type":"ImageObject","@id":"https:\/\/www.europea.cz\/wp-content\/uploads\/pexels-cottonbro-4155016_1.jpg","url":"https:\/\/www.europea.cz\/wp-content\/uploads\/pexels-cottonbro-4155016_1.jpg","height":0,"width":0},"keywords":null},{"@type":"Article","@id":"https:\/\/www.europea.cz\/vybirame-obal-na-iphone-7\/","headline":"Vyb\u00edr\u00e1me obal na iPhone 7","url":"https:\/\/www.europea.cz\/vybirame-obal-na-iphone-7\/","datePublished":"2024-08-19","dateModified":"2024-08-19","mainEntityOfPage":"https:\/\/www.europea.cz\/vybirame-obal-na-iphone-7\/","author":{"@type":"Person","@id":"https:\/\/www.europea.cz\/author\/#Person","name":"","url":"https:\/\/www.europea.cz\/author\/","identifier":1,"image":{"@type":"ImageObject","@id":"https:\/\/secure.gravatar.com\/avatar\/b70ca3e57a61efa655568ea1bab21ec867ae74beaf8b182b9ca53fe6fcb8cee7?s=96&d=mm&r=g","url":"https:\/\/secure.gravatar.com\/avatar\/b70ca3e57a61efa655568ea1bab21ec867ae74beaf8b182b9ca53fe6fcb8cee7?s=96&d=mm&r=g","height":96,"width":96}},"publisher":{"@type":"Organization","name":"europea.cz","logo":{"@type":"ImageObject","@id":"\/logo.png","url":"\/logo.png","width":600,"height":60}},"image":{"@type":"ImageObject","@id":"https:\/\/www.europea.cz\/wp-content\/uploads\/girl-1192032_640_6.jpg","url":"https:\/\/www.europea.cz\/wp-content\/uploads\/girl-1192032_640_6.jpg","height":0,"width":0},"keywords":null}]}