[{"@context":"https:\/\/schema.org\/","@type":"Article","@id":"https:\/\/www.europea.cz\/neni-praded-jako-praded\/#Article","mainEntityOfPage":"https:\/\/www.europea.cz\/neni-praded-jako-praded\/","headline":"Nen\u00ed Prad\u011bd jako prad\u011bd","name":"Nen\u00ed Prad\u011bd jako prad\u011bd","description":"To ov\u0161em neplat\u00ed, kdy\u017e hled\u00e1te v\u010derej\u0161\u00ed den, nebo pivo co bylo v lednici. Tady v\u00e1m nepom\u016f\u017ee skoro nic. Tohle asi na internetu nenajdete, ale pokud to tam n\u011bkdo n\u011bjak zapsal, tak to tam je. P\u0159i hled\u00e1n\u00ed nutno v\u011bd\u011bt, co hled\u00e1me. Pokud tedy [&hellip;]","datePublished":"2024-03-30","dateModified":"2024-03-30","author":{"@type":"Person","@id":"https:\/\/www.europea.cz\/author\/#Person","name":"","url":"https:\/\/www.europea.cz\/author\/","identifier":1,"image":{"@type":"ImageObject","@id":"https:\/\/secure.gravatar.com\/avatar\/b70ca3e57a61efa655568ea1bab21ec867ae74beaf8b182b9ca53fe6fcb8cee7?s=96&d=mm&r=g","url":"https:\/\/secure.gravatar.com\/avatar\/b70ca3e57a61efa655568ea1bab21ec867ae74beaf8b182b9ca53fe6fcb8cee7?s=96&d=mm&r=g","height":96,"width":96}},"publisher":{"@type":"Organization","name":"europea.cz","logo":{"@type":"ImageObject","@id":"\/logo.png","url":"\/logo.png","width":600,"height":60}},"image":{"@type":"ImageObject","@id":"https:\/\/www.europea.cz\/wp-content\/uploads\/ces.jpg","url":"https:\/\/www.europea.cz\/wp-content\/uploads\/ces.jpg","height":0,"width":0},"url":"https:\/\/www.europea.cz\/neni-praded-jako-praded\/","about":["Online"],"wordCount":417,"articleBody":"To ov\u0161em neplat\u00ed, kdy\u017e hled\u00e1te v\u010derej\u0161\u00ed den, nebo pivo co bylo v lednici. Tady v\u00e1m nepom\u016f\u017ee skoro nic. Tohle asi na internetu nenajdete, ale pokud to tam n\u011bkdo n\u011bjak zapsal, tak to tam je. P\u0159i hled\u00e1n\u00ed nutno v\u011bd\u011bt, co hled\u00e1me. Pokud tedy nap\u00ed\u0161eme Prad\u011bd, m\u016f\u017ee n\u00e1m to naj\u00edt horu v Jesen\u00edk\u00e1ch, ale tak\u00e9 druh lik\u00e9ru, nebo t\u0159eba \u010dlena rodiny.\u00a0V\u011bt\u0161inou se v\u0161ak nejv\u00edce vyhled\u00e1v\u00e1 ona hora, tud\u00ed\u017e v\u00e1m to uk\u00e1\u017ee pr\u00e1v\u011b ji. Pokud chcete onen alkoholick\u00fd n\u00e1poj, je to nutno za slovo Prad\u011bd p\u0159ipsat. Pak u\u017e uvid\u00edte l\u00e1hev se zlatav\u00fdm mokem. Dokonce si ji m\u016f\u017eete p\u0159\u00edmo koupit. Tak\u017ee p\u0159iputuje a\u017e k v\u00e1m dom\u016f, co\u017e v\u0161ak hora neud\u011bl\u00e1, tam u\u017e mus\u00edte vy sami. \u00a0Mimochodem, pokud se domn\u00edv\u00e1te, \u017ee tento bylinn\u00fd lik\u00e9r byl pojmenov\u00e1n podle hory, tak to se m\u00fdl\u00edte. Bylo to pr\u00e1v\u011b obr\u00e1cen\u011b. \u0160lo pr\u00fd toti\u017e o marketingov\u00fd tah. Lik\u00e9r byl ji\u017e k m\u00e1n\u00ed pod n\u00e1zvem Prad\u011bd, ale hora samotn\u00e1 se jmenovala Keylichter Schneeberg. Jen\u017ee majitel\u00e9 lik\u00e9rky, tedy rodina Gesslerova, pr\u00e1v\u011b tento n\u00e1zev odsunula do pozad\u00ed a pojmenovala horu Altvater, tedy Prad\u011bd. A tak se to tam jmenuje dodnes a pokud se tam chcete pod\u00edvat, tak v\u00e1m jist\u011b p\u0159ijde vhod n\u011bkolik drobn\u00fdch rad, kter\u00e9 jist\u011b nebudou k zahozen\u00ed.\u00a0Vezm\u011bte si s sebou hodn\u011b pen\u011bz, proto\u017ee se op\u011bt zdra\u017eovalo, a to v\u010detn\u011b parkov\u00e1n\u00ed na Hv\u011bzd\u011b.Tedy na m\u00edst\u011b pod horou, kde je velk\u00e9 odstavn\u00e9 parkovi\u0161t\u011b. Nahoru v\u00e1s toti\u017e nepust\u00ed. Samoz\u0159ejm\u011b, \u017ee i zde existuj\u00ed v\u00fdjimky, a to v tom p\u0159\u00edpad\u011b, \u017ee v\u00edte, koho podm\u00e1znout a v p\u0159\u00edpad\u011b druh\u00e9m, \u017ee bydl\u00edte naho\u0159e v n\u011bjak\u00e9 chajd\u011b, nebo p\u0159\u00edmo na hotel\u00edch, tedy nap\u0159\u00edklad kdysi Kurzovn\u00ed, nyn\u00ed \u010certovy kameny, nebo p\u0159\u00edmo v hotelu Prad\u011bd. Pop\u0159\u00edpad\u011b jinde. Toto se dost \u010dasto m\u011bn\u00ed a pokud si nejste jist\u00ed, je l\u00e9pe zavolat. Ale v\u011bt\u0161ina ubytovatel\u016f to tak dohodnuto m\u00e1. To pak autem projedete. Vy, co budete jen parkovat si nachystejte skoro tis\u00edc korun, toti\u017e osm set. Plus pen\u00edze na autobus, kter\u00fd v\u00e1s vyveze nahoru na Ov\u010d\u00e1rnu. \u00a0                                                                                                                                                                                                                                                                                                                                                                                                "},{"@context":"https:\/\/schema.org\/","@type":"BreadcrumbList","itemListElement":[{"@type":"ListItem","position":1,"name":"Nen\u00ed Prad\u011bd jako prad\u011bd","item":"https:\/\/www.europea.cz\/neni-praded-jako-praded\/#breadcrumbitem"}]}]