[{"@context":"https:\/\/schema.org\/","@type":"Article","@id":"https:\/\/www.europea.cz\/noste-sve-podprsenky-podle-vlastnich-predstav\/#Article","mainEntityOfPage":"https:\/\/www.europea.cz\/noste-sve-podprsenky-podle-vlastnich-predstav\/","headline":"Noste sv\u00e9 podprsenky podle vlastn\u00edch p\u0159edstav","name":"Noste sv\u00e9 podprsenky podle vlastn\u00edch p\u0159edstav","description":"L\u00e9to je v pln\u00e9m proudu a co to znamen\u00e1 pro \u017eeny? Lehk\u00e9 topy, v\u00fdst\u0159ihy kr\u00e1sn\u00fdch \u0161at\u016f a hlavn\u011b pohodlnost. Sd\u00edl\u00edte semnou tento n\u00e1zor? Obzvl\u00e1\u0161\u0165, kdy\u017e jsou extr\u00e9mn\u00ed tepla, je d\u016fle\u017eit\u00e9 myslet na to, aby n\u00e1m bylo co mo\u017en\u00e1 nejp\u0159\u00edjemn\u011bji. J\u00e1 m\u00e1m ve [&hellip;]","datePublished":"2023-06-21","dateModified":"2023-06-21","author":{"@type":"Person","@id":"https:\/\/www.europea.cz\/author\/#Person","name":"","url":"https:\/\/www.europea.cz\/author\/","identifier":1,"image":{"@type":"ImageObject","@id":"https:\/\/secure.gravatar.com\/avatar\/b70ca3e57a61efa655568ea1bab21ec867ae74beaf8b182b9ca53fe6fcb8cee7?s=96&d=mm&r=g","url":"https:\/\/secure.gravatar.com\/avatar\/b70ca3e57a61efa655568ea1bab21ec867ae74beaf8b182b9ca53fe6fcb8cee7?s=96&d=mm&r=g","height":96,"width":96}},"publisher":{"@type":"Organization","name":"europea.cz","logo":{"@type":"ImageObject","@id":"\/logo.png","url":"\/logo.png","width":600,"height":60}},"image":{"@type":"ImageObject","@id":"https:\/\/www.europea.cz\/wp-content\/uploads\/pexels-photo-7640302.jpeg","url":"https:\/\/www.europea.cz\/wp-content\/uploads\/pexels-photo-7640302.jpeg","height":0,"width":0},"url":"https:\/\/www.europea.cz\/noste-sve-podprsenky-podle-vlastnich-predstav\/","about":["Nakupov\u00e1n\u00ed"],"wordCount":429,"articleBody":"   L\u00e9to je v pln\u00e9m proudu a co to znamen\u00e1 pro \u017eeny? Lehk\u00e9 topy, v\u00fdst\u0159ihy kr\u00e1sn\u00fdch \u0161at\u016f a hlavn\u011b pohodlnost. Sd\u00edl\u00edte semnou tento n\u00e1zor? Obzvl\u00e1\u0161\u0165, kdy\u017e jsou extr\u00e9mn\u00ed tepla, je d\u016fle\u017eit\u00e9 myslet na to, aby n\u00e1m bylo co mo\u017en\u00e1 nejp\u0159\u00edjemn\u011bji. J\u00e1 m\u00e1m ve sv\u00e9m \u0161atn\u00edku spoustu kousk\u016f oble\u010den\u00ed, kter\u00e9 v\u017edy nedo\u010dkav\u011b \u010dekaj\u00ed na letn\u00ed sez\u00f3nu. Jsou to p\u0159ev\u00e1\u017en\u011b ty bez ram\u00ednek nebo se skv\u011bl\u00fdm estetick\u00fdm dekoltem. A co je k tomu zapot\u0159eb\u00ed? Jasn\u011b, \u017ee nejl\u00e9pe by n\u00e1m bylo jen ve voln\u00e9m tri\u010dku a bez podprsenky. Ale to je vhodn\u00e9 jen do dom\u00e1c\u00edho prost\u0159ed\u00ed. Do spole\u010dnosti se vol\u00ed tro\u0161ku jin\u00e9 oble\u010den\u00ed. Tak\u017ee je zapot\u0159eb\u00ed, aby, kdy\u017e si zvol\u00edm top bez ram\u00ednek, mi nebyly vid\u011bt ram\u00ednka od podprsenky. N\u011bkdo s\u00e1hne po ram\u00ednk\u00e1ch pr\u016fhledn\u00fdch, ale i ty jsou vid\u011bt.Nav\u00edc v l\u00e9t\u011b je ten silikon nep\u0159\u00edjemn\u00fd na k\u016f\u017ei, k\u016f\u017ee je pak podr\u00e1\u017ed\u011bn\u00e1 a m\u016f\u017ee se vyskytnout i vyr\u00e1\u017eka. To je nep\u0159\u00edjemn\u00e9 a v l\u00e9t\u011b to plat\u00ed dvojn\u00e1sobn\u011b. Zvolila jsem si tedy takzvan\u00e9 tejpy na prsa. Je to p\u00e1ska z p\u0159\u00edjemn\u00e9ho materi\u00e1lu, pod kter\u00fdm se nebudete zbyte\u010dn\u011b potit, k\u016f\u017ee pod n\u00ed m\u016f\u017ee d\u00fdchat. Tejpy si jednodu\u0161e nalep\u00edte tak, jak pot\u0159ebujete.Znamen\u00e1 to pak ve v\u00fdsledku, \u017ee V\u00e1m nic nevykukuje a nep\u0159esahuje. V\u0161e je schovan\u00e9 pod topem. V\u00fdsledkem je kr\u00e1sn\u00e9 poprs\u00ed. A kdy\u017e si vezmu \u0161aty s v\u00fdst\u0159ihem, nalep\u00edm si zase tejpy o trochu jinak, ne\u017e jak jsem je nalepila do topu. Prost\u011b v\u0161echno podle vlastn\u00edch p\u0159edstav a pot\u0159eb. K tejp\u016fm si m\u016f\u017eete p\u0159ikoupit na jenom m\u00edst\u011b i kryty na bradavky a dal\u0161\u00ed p\u0159\u00edslu\u0161enstv\u00ed. Je toti\u017e nep\u0159\u00edjemn\u00e9 p\u00e1sku lepit p\u0159\u00edmo na bradavku, je podstatn\u011b citliv\u00e1 a je t\u0159eba tyto m\u00edsta n\u00e1le\u017eit\u011b h\u00fd\u010dkat. Jakou barvu p\u00e1sky pot\u0159ebujete? Na v\u00fdb\u011br m\u00e1te ze t\u0159\u00ed variant. Je to p\u00e1ska b\u00edl\u00e1, \u010dern\u00e1 nebo ple\u0165ov\u00e1. Podle \u010deho vyb\u00edrat? Z\u00e1le\u017e\u00ed pod jak\u00e9 barevn\u00e9 oble\u010den\u00ed po\u0159izujete. Tyto p\u00e1sky jsou pohodln\u00e9 pro ka\u017edodenn\u00ed no\u0161en\u00ed. Tak si je po\u0159i\u010fte i Vy a vyzkou\u0161ejte!                                                                                                                                                                                                                                                                                                                                                                                                   "},{"@context":"https:\/\/schema.org\/","@type":"BreadcrumbList","itemListElement":[{"@type":"ListItem","position":1,"name":"Noste sv\u00e9 podprsenky podle vlastn\u00edch p\u0159edstav","item":"https:\/\/www.europea.cz\/noste-sve-podprsenky-podle-vlastnich-predstav\/#breadcrumbitem"}]}]