[{"@context":"https:\/\/schema.org\/","@type":"Article","@id":"https:\/\/www.europea.cz\/pozor-na-vztahy\/#Article","mainEntityOfPage":"https:\/\/www.europea.cz\/pozor-na-vztahy\/","headline":"Pozor na vztahy","name":"Pozor na vztahy","description":"Pokud si d\u00e1v\u00e1te z\u00e1le\u017eet na vztaz\u00edch a klidu, tak je to prima. Proto\u017ee zn\u00e1m mnoho lid\u00ed, kte\u0159\u00ed tohle v\u016fbec nect\u00ed. Potom jsou lid\u00e9 z toho smutn\u00ed. V\u011bd\u011bli jste o tom, \u017ee kdy\u017e jste smutn\u00ed, \u017ee trp\u00ed cel\u00e9 t\u011blo? A to hlavn\u011b mozek, [&hellip;]","datePublished":"2023-10-11","dateModified":"2023-10-11","author":{"@type":"Person","@id":"https:\/\/www.europea.cz\/author\/#Person","name":"","url":"https:\/\/www.europea.cz\/author\/","identifier":1,"image":{"@type":"ImageObject","@id":"https:\/\/secure.gravatar.com\/avatar\/b70ca3e57a61efa655568ea1bab21ec867ae74beaf8b182b9ca53fe6fcb8cee7?s=96&d=mm&r=g","url":"https:\/\/secure.gravatar.com\/avatar\/b70ca3e57a61efa655568ea1bab21ec867ae74beaf8b182b9ca53fe6fcb8cee7?s=96&d=mm&r=g","height":96,"width":96}},"publisher":{"@type":"Organization","name":"europea.cz","logo":{"@type":"ImageObject","@id":"\/logo.png","url":"\/logo.png","width":600,"height":60}},"image":{"@type":"ImageObject","@id":"https:\/\/www.europea.cz\/wp-content\/uploads\/beauty-2893841_1280.jpg","url":"https:\/\/www.europea.cz\/wp-content\/uploads\/beauty-2893841_1280.jpg","height":0,"width":0},"url":"https:\/\/www.europea.cz\/pozor-na-vztahy\/","about":["Vztahy"],"wordCount":439,"articleBody":"Pokud si d\u00e1v\u00e1te z\u00e1le\u017eet na vztaz\u00edch a klidu, tak je to prima. Proto\u017ee zn\u00e1m mnoho lid\u00ed, kte\u0159\u00ed tohle v\u016fbec nect\u00ed. Potom jsou lid\u00e9 z toho smutn\u00ed. V\u011bd\u011bli jste o tom, \u017ee kdy\u017e jste smutn\u00ed, \u017ee trp\u00ed cel\u00e9 t\u011blo? A to hlavn\u011b mozek, v\u011bt\u0161inou se v\u00e1m tak\u00e9 \u0161patn\u011b sp\u00ed a v\u011bt\u0161inou se v\u00e1m sp\u00ed\u0161 \u0161patn\u011b. Kdy\u017e jste rozh\u00e1dan\u00ed v rodin\u011b. Proto\u017ee kdy\u017e jste rozh\u00e1dan\u00ed s n\u011bk\u00fdm, komu jste bl\u00edzc\u00ed, tak je to potom opravdu hor\u0161\u00ed, ne\u017e kdybyste byli rozh\u00e1dan\u00ed s n\u011bk\u00fdm ciz\u00edm. Kdybych j\u00e1 osobn\u011b byla rozh\u00e1dan\u00e1 s n\u011bk\u00fdm ciz\u00edm, tak to moc ne\u0159e\u0161\u00edm. Ale svou rodinu m\u00e1m r\u00e1da, tak\u017ee kdy\u017e se bl\u00ed\u017e\u00ed n\u011bjak\u00e1 h\u00e1dka, tak rad\u011bji odejdu ven. Vezmu partnera a cigarety a jdeme s partnerem ven. Zakoup\u00edme si a potom \u010dek\u00e1me, \u017ee u\u017e doma to bude uklidn\u011bn\u00e9. Ve v\u011bt\u0161in\u011b p\u0159\u00edpad\u016f to takhle je. V\u011bt\u0161inou je to uklidn\u011bn\u00e9, kdy\u017e s partnerem p\u0159ijdeme z venku z cigarety dom\u016f, jenom\u017ee pozd\u011bji se to m\u016f\u017ee i rozjet, \u017ee se za\u010dnou op\u011bt v\u0161ichni h\u00e1dat. Sta\u010d\u00ed, aby se t\u0159eba n\u011bkdo dal n\u011bkolik skleni\u010dek v\u00edna nav\u00edc a u\u017e je to rozjet\u00e9. M\u011b tohle opravdu hodn\u011b vad\u00ed. Cht\u011bla bych, aby na\u0161e rodina byla opravdu stmelen\u00e1. Aby na\u0161e rodina v\u017edycky se ctila navz\u00e1jem jenom\u017ee n\u011bkdy je to opravdu hodn\u011b n\u00e1ro\u010dn\u00e9. Proto jsem si \u0159ekla, \u017ee ne\u017e abych se s n\u011bk\u00fdm h\u00e1dala, tak rad\u011bji budu ticho. St\u00e1hnu ocas a sklop\u00edm o\u010di a bude ticho. Mysl\u00edm si, \u017ee hodn\u011b lid\u00ed to takhle m\u00e1. Mnoho lid\u00ed se chov\u00e1 jako j\u00e1. Proto\u017ee m\u011b v\u017edycky dlouho trv\u00e1, ne\u017e se uklidn\u00edm. Trv\u00e1 mi, ne\u017e se potom s n\u011bk\u00fdm zase d\u00e1m do kupy. Ne\u017e se mi n\u011bkdo omluv\u00ed, nebo ne\u017e se j\u00e1 n\u011bkomu omluv\u00edm. D\u0159\u00edve jsem se h\u00e1dala opravdu \u010dasto, m\u00e9 rodin\u011b to vadilo. J\u00e1 se tomu ani nediv\u00edm. Ale co jsem m\u011bla d\u011blat? P\u0159ece nenech\u00e1m na sebe \u0159v\u00e1t. A kdybych se m\u011bla je\u0161t\u011b bavit o zam\u011bstn\u00e1n\u00ed, tak by to bylo smutn\u00e9. Dvakr\u00e1t, kdy\u017e jsem musela m\u011bnit zam\u011bstn\u00e1n\u00ed, proto\u017ee jsem se nepohodla s kolegyn\u011bmi. A potom jsem nemohla sn\u00e9st, jak se na m\u011b koukali jako dva\u00a0supi.\u00a0                                                                                                                                                                                                                                                                                                                                                                                                "},{"@context":"https:\/\/schema.org\/","@type":"BreadcrumbList","itemListElement":[{"@type":"ListItem","position":1,"name":"Pozor na vztahy","item":"https:\/\/www.europea.cz\/pozor-na-vztahy\/#breadcrumbitem"}]}]