[{"@context":"https:\/\/schema.org\/","@type":"Article","@id":"https:\/\/www.europea.cz\/prace-automechanika\/#Article","mainEntityOfPage":"https:\/\/www.europea.cz\/prace-automechanika\/","headline":"Pr\u00e1ce automechanika","name":"Pr\u00e1ce automechanika","description":"M\u016fj syn mi \u0159\u00edkal, \u017ee pr\u00fd a\u017e bude dosp\u011bl\u00fd a bude chodit do \u0161koly, \u017ee bude automechanik. J\u00e1 mu samoz\u0159ejm\u011b v tomhle nebr\u00e1n\u00edm a sp\u00ed\u0161e ho v tomhle je podporuji. Mysl\u00edm si, \u017ee je opravdu hodn\u011b m\u00e1lo automechanik\u016f anebo tak\u00e9 dal\u0161\u00edch mechanik\u016f [&hellip;]","datePublished":"2023-09-28","dateModified":"2024-06-04","author":{"@type":"Person","@id":"https:\/\/www.europea.cz\/author\/#Person","name":"","url":"https:\/\/www.europea.cz\/author\/","identifier":1,"image":{"@type":"ImageObject","@id":"https:\/\/secure.gravatar.com\/avatar\/b70ca3e57a61efa655568ea1bab21ec867ae74beaf8b182b9ca53fe6fcb8cee7?s=96&d=mm&r=g","url":"https:\/\/secure.gravatar.com\/avatar\/b70ca3e57a61efa655568ea1bab21ec867ae74beaf8b182b9ca53fe6fcb8cee7?s=96&d=mm&r=g","height":96,"width":96}},"publisher":{"@type":"Organization","name":"europea.cz","logo":{"@type":"ImageObject","@id":"\/logo.png","url":"\/logo.png","width":600,"height":60}},"image":{"@type":"ImageObject","@id":"https:\/\/www.europea.cz\/wp-content\/uploads\/auto-repair-984929_960_720.jpg","url":"https:\/\/www.europea.cz\/wp-content\/uploads\/auto-repair-984929_960_720.jpg","height":0,"width":0},"url":"https:\/\/www.europea.cz\/prace-automechanika\/","about":["Auto moto"],"wordCount":416,"articleBody":"M\u016fj syn mi \u0159\u00edkal, \u017ee pr\u00fd a\u017e bude dosp\u011bl\u00fd a bude chodit do \u0161koly, \u017ee bude automechanik. J\u00e1 mu samoz\u0159ejm\u011b v tomhle nebr\u00e1n\u00edm a sp\u00ed\u0161e ho v tomhle je podporuji. Mysl\u00edm si, \u017ee je opravdu hodn\u011b m\u00e1lo automechanik\u016f anebo tak\u00e9 dal\u0161\u00edch mechanik\u016f anebo takov\u00fdch lid\u00ed, kte\u0159\u00ed d\u011blaj\u00ed ru\u010dn\u00ed \u0159emeslo. Nebo co si mysl\u00edte o tom vy? Je podle v\u00e1s m\u00e9n\u011b d\u011bln\u00edk\u016f jako t\u0159eba instalat\u00e9r\u016f anebo podobn\u011b? Samoz\u0159ejm\u011b \u017ee ano, proto\u017ee kdy\u017e jsem j\u00e1 tehdy \u010dekala na instalat\u00e9ra a topen\u00e1\u0159e, tak to bylo opravdu hodn\u011b dlouh\u00e9. Myslela jsem si, \u017ee to bude b\u011bhem dvou\u00a0t\u00fddn\u016f a ono to trvalo skoro t\u0159i\u00a0m\u011bs\u00edce, ne\u017e se uvolnil n\u011bjak\u00fd topen\u00e1\u0159 a elektrik\u00e1\u0159.I s\u00a0instalat\u00e9ry\u00a0je to opravdu hodn\u011b na \u0161t\u00edru. V\u0161ichni jsou zadan\u00ed. Je jich m\u00e1lo, proto\u017ee jsem si \u0159ekla, \u017ee kdy\u017e syn m\u00e1 r\u00e1d automobily a tak\u00e9 motorky, tak z n\u011bj bude automechanik. A sv\u011bte div se, ono to opravdu vyplnilo. V\u00e1\u017en\u011b je to pravda. Kdy\u017e synovi bylo devaten\u00e1ct\u00a0let, tak potom vych\u00e1zel\u00a0z u\u010debn\u00edho oboru a m\u011bl\u00a0opravdu kr\u00e1sn\u00fd v\u00fdu\u010dn\u00ed list, m\u011bl t\u00e9m\u011b\u0159 sam\u00e9 jedni\u010dky a dv\u011b\u00a0dvojky. \u0158ekla jsem si, \u017ee je opravdu hodn\u011b \u0161ikovn\u00fd. Syn pracoval potom p\u011bt\u00a0let u jednoho\u00a0p\u00e1na, kter\u00e9ho znal u\u017e od d\u011btstv\u00ed a pozd\u011bji, asi po \u0161esti\u00a0letech si otev\u0159el vlastn\u00ed autod\u00edlnu. Mysl\u00edm si, \u017ee kdy\u017e takhle lid\u00e9 pracuj\u00ed a jsou pracovit\u00ed a bav\u00ed\u00a0je jejich pr\u00e1ce, jako m\u00e9ho syna automechanik, tak je nejlep\u0161\u00ed, kdy\u017e si potom otev\u0159ou svoji \u017eivnost. Syn\u00a0o tomhle snil u\u017e dlouho, ale v\u016fbec na to nem\u011bl pen\u00edze a tak\u00e9 se b\u00e1l. Ze za\u010d\u00e1tku si\u00a0tak\u00e9 zji\u0161\u0165oval v\u0161echny d\u016fle\u017eit\u00e9 informace, kter\u00e9 by m\u011bl v\u011bd\u011bt, ne\u017e si otev\u0159e \u017eivnost. A opravdu se synovi da\u0159\u00ed, m\u00e1 v\u00edc zak\u00e1zek, ne\u017e je schopn\u00fd s\u00e1m zvl\u00e1dat.\u00a0Tak si je\u0161t\u011b p\u0159ivzal dva\u00a0kolegy tak\u00e9 automechaniky, aby mu s t\u00edm pom\u00e1hali. Mysl\u00edm si, \u017ee maj\u00ed opravdu skv\u011blou partu. Tak\u00e9\u00a0jsem se dozv\u011bd\u011bla, \u017ee dokonce m\u016fj prastr\u00fdc byl tak\u00e9 automechanik. V\u016fbec jsem o tom nev\u011bd\u011bla. Mo\u017en\u00e1 syn\u00a0tohle zd\u011bdil po n\u011bm.\u00a0                                                                                                                                                                                                                                                                                                                                                                                                "},{"@context":"https:\/\/schema.org\/","@type":"BreadcrumbList","itemListElement":[{"@type":"ListItem","position":1,"name":"Pr\u00e1ce automechanika","item":"https:\/\/www.europea.cz\/prace-automechanika\/#breadcrumbitem"}]}]