[{"@context":"https:\/\/schema.org\/","@type":"Article","@id":"https:\/\/www.europea.cz\/ucetnictvi\/#Article","mainEntityOfPage":"https:\/\/www.europea.cz\/ucetnictvi\/","headline":"\u00da\u010detnictv\u00ed","name":"\u00da\u010detnictv\u00ed","description":"Na\u0161e firma Alfa \u00da\u010detn\u00ed s.r.o. V\u00e1m nab\u00edz\u00ed kvalitn\u00ed zpracov\u00e1n\u00ed da\u0148ov\u00fdch evidenc\u00ed a \u00fa\u010detnictv\u00ed. Da\u0148ov\u00fdm poradenstv\u00edm se zab\u00fdv\u00e1me ji\u017e skoro 20 let, tak\u017ee zku\u0161enosti jsou v na\u0161\u00ed firm\u011b zn\u00e1t. Slu\u017eby ekonomick\u00fdch, organiza\u010dn\u00edch, \u010di \u00fa\u010detn\u00edch poradc\u016f jsou v\u017edy na \u0161pi\u010dkov\u00e9 \u00farovni jak po str\u00e1nce [&hellip;]","datePublished":"2025-03-12","dateModified":"2025-03-12","author":{"@type":"Person","@id":"https:\/\/www.europea.cz\/author\/#Person","name":"","url":"https:\/\/www.europea.cz\/author\/","identifier":1,"image":{"@type":"ImageObject","@id":"https:\/\/secure.gravatar.com\/avatar\/b70ca3e57a61efa655568ea1bab21ec867ae74beaf8b182b9ca53fe6fcb8cee7?s=96&d=mm&r=g","url":"https:\/\/secure.gravatar.com\/avatar\/b70ca3e57a61efa655568ea1bab21ec867ae74beaf8b182b9ca53fe6fcb8cee7?s=96&d=mm&r=g","height":96,"width":96}},"publisher":{"@type":"Organization","name":"europea.cz","logo":{"@type":"ImageObject","@id":"\/logo.png","url":"\/logo.png","width":600,"height":60}},"url":"https:\/\/www.europea.cz\/ucetnictvi\/","wordCount":155,"articleBody":"Na\u0161e firma Alfa \u00da\u010detn\u00ed s.r.o. V\u00e1m nab\u00edz\u00ed kvalitn\u00ed zpracov\u00e1n\u00ed da\u0148ov\u00fdch evidenc\u00ed a \u00fa\u010detnictv\u00ed. Da\u0148ov\u00fdm poradenstv\u00edm se zab\u00fdv\u00e1me ji\u017e skoro 20 let, tak\u017ee zku\u0161enosti jsou v na\u0161\u00ed firm\u011b zn\u00e1t. Slu\u017eby ekonomick\u00fdch, organiza\u010dn\u00edch, \u010di \u00fa\u010detn\u00edch poradc\u016f jsou v\u017edy na \u0161pi\u010dkov\u00e9 \u00farovni jak po str\u00e1nce lidsk\u00e9, tak samoz\u0159ejm\u011b i po str\u00e1nce profesion\u00e1ln\u00ed.Na\u0161e slu\u017eby, mezi kter\u00e9 pat\u0159\u00ed \u00fa\u010detnictv\u00ed \u010di da\u0148ov\u00e1 evidence, jsou stabiln\u00ed a na t\u00e9 nejlep\u0161\u00ed \u00farovni. V porovn\u00e1n\u00ed s konkurenc\u00ed, veden\u00ed \u00fa\u010detnictv\u00ed na\u0161\u00ed firmou je mnohem levn\u011bj\u0161\u00ed, ov\u0161em ne na \u00fakor kvality. Nab\u00edz\u00edme tak\u00e9 na\u0161im pravideln\u00fdm klient\u016fm mo\u017enost konzultac\u00ed zdarma s experty z vrcholov\u00fdch management\u016f firem, jako jsou Hewlett-Packard \u010di Electrolux.Individu\u00e1ln\u00ed p\u0159\u00edstupNa\u0161im klient\u016fm nab\u00edz\u00edme zcela individu\u00e1ln\u00ed p\u0159\u00edstup.                                                                                                                                                                                                                                                                                                                                                                                                "},{"@context":"https:\/\/schema.org\/","@type":"BreadcrumbList","itemListElement":[{"@type":"ListItem","position":1,"name":"\u00da\u010detnictv\u00ed","item":"https:\/\/www.europea.cz\/ucetnictvi\/#breadcrumbitem"}]}]