[{"@context":"https:\/\/schema.org\/","@type":"Article","@id":"https:\/\/www.europea.cz\/udelej-si-sam\/#Article","mainEntityOfPage":"https:\/\/www.europea.cz\/udelej-si-sam\/","headline":"Ud\u011blej si s\u00e1m","name":"Ud\u011blej si s\u00e1m","description":"Nenechte zah\u00e1let p\u016fdn\u00ed prostory ve va\u0161em dom\u011b a p\u0159em\u011b\u0148te je na podkrov\u00ed, kter\u00e9 je na rozd\u00edl od p\u016fdy obytn\u00fdm prostorem. Pokud takov\u00fd p\u016fdn\u00ed prostor, vhodn\u00fd pro p\u0159estavbu na obytn\u00e9 podkrov\u00ed vlastn\u00edte, nen\u00ed nic jednodu\u0161\u0161\u00edho, ne\u017e se spojit se rekonstrukce bytu praha, kter\u00e1 [&hellip;]","datePublished":"2025-04-27","dateModified":"2025-04-27","author":{"@type":"Person","@id":"https:\/\/www.europea.cz\/author\/#Person","name":"","url":"https:\/\/www.europea.cz\/author\/","identifier":1,"image":{"@type":"ImageObject","@id":"https:\/\/secure.gravatar.com\/avatar\/b70ca3e57a61efa655568ea1bab21ec867ae74beaf8b182b9ca53fe6fcb8cee7?s=96&d=mm&r=g","url":"https:\/\/secure.gravatar.com\/avatar\/b70ca3e57a61efa655568ea1bab21ec867ae74beaf8b182b9ca53fe6fcb8cee7?s=96&d=mm&r=g","height":96,"width":96}},"publisher":{"@type":"Organization","name":"europea.cz","logo":{"@type":"ImageObject","@id":"\/logo.png","url":"\/logo.png","width":600,"height":60}},"url":"https:\/\/www.europea.cz\/udelej-si-sam\/","wordCount":149,"articleBody":" Nenechte zah\u00e1let p\u016fdn\u00ed prostory ve va\u0161em dom\u011b a p\u0159em\u011b\u0148te je na podkrov\u00ed, kter\u00e9 je na rozd\u00edl od p\u016fdy obytn\u00fdm prostorem. Pokud takov\u00fd p\u016fdn\u00ed prostor, vhodn\u00fd pro p\u0159estavbu na obytn\u00e9 podkrov\u00ed vlastn\u00edte, nen\u00ed nic jednodu\u0161\u0161\u00edho, ne\u017e se spojit se rekonstrukce bytu praha, kter\u00e1 m\u00e1 p\u016fdn\u00ed vestavby v mal\u00ed\u010dku a r\u00e1da se va\u0161\u00ed p\u0159estavby &#8211; rekonstrukce &#8211; ujme.D\u016fle\u017eit\u00e9 je, nechat si cel\u00fd projekt p\u016fdn\u00ed vestavby navrhnout a zpracovat projektantem, kter\u00fd m\u00e1 v tomto oboru zku\u0161enosti a kter\u00fd nejen porad\u00ed, ale ve\u0161ker\u00e9 projektantsk\u00e9 pr\u00e1ce provede. Obr\u00e1tit se m\u016f\u017eete i na na\u0161e projektanty z rekonstrukce byt\u016f praha praha. Na z\u00e1klad\u011b jimi zpracovan\u00e9ho projektu zkonzultovan\u00e9ho s v\u00e1mi provederekonstrukce byt\u016f praha celou realizaci projektu.Obytn\u00fd prostor &#8211; podkrov\u00edBude se v\u00e1m na n\u011bm velmi l\u00edbit.                                                                                                                                                                                                                                                                                                                                                                                                "},{"@context":"https:\/\/schema.org\/","@type":"BreadcrumbList","itemListElement":[{"@type":"ListItem","position":1,"name":"Ud\u011blej si s\u00e1m","item":"https:\/\/www.europea.cz\/udelej-si-sam\/#breadcrumbitem"}]}]