[{"@context":"https:\/\/schema.org\/","@type":"Article","@id":"https:\/\/www.europea.cz\/zkuste-zmenit-svuj-zivot\/#Article","mainEntityOfPage":"https:\/\/www.europea.cz\/zkuste-zmenit-svuj-zivot\/","headline":"Zkuste zm\u011bnit sv\u016fj \u017eivot","name":"Zkuste zm\u011bnit sv\u016fj \u017eivot","description":"Tato v\u011bta ve V\u00e1s mo\u017en\u00e1 na prvn\u00ed p\u0159e\u010dten\u00ed probouz\u00ed dojem, \u017ee p\u0159ich\u00e1z\u00edme s n\u011bjakou z\u00e1sadn\u00ed \u017eivotn\u00ed filosofi\u00ed \u010di \u017eivotn\u00edm postojem. Ale opak je pravdou. P\u0159ich\u00e1z\u00edme s nab\u00eddkou, kter\u00e1 je velmi jednoduch\u00e1, p\u0159itom v\u0161ak skute\u010dn\u011b m\u016f\u017ee V\u00e1\u0161 \u017eivot z\u00e1sadn\u011b zm\u011bnit. My nab\u00edz\u00edme n\u00e1vrhy [&hellip;]","datePublished":"2023-05-23","dateModified":"2024-05-27","author":{"@type":"Person","@id":"https:\/\/www.europea.cz\/author\/#Person","name":"","url":"https:\/\/www.europea.cz\/author\/","identifier":1,"image":{"@type":"ImageObject","@id":"https:\/\/secure.gravatar.com\/avatar\/b70ca3e57a61efa655568ea1bab21ec867ae74beaf8b182b9ca53fe6fcb8cee7?s=96&d=mm&r=g","url":"https:\/\/secure.gravatar.com\/avatar\/b70ca3e57a61efa655568ea1bab21ec867ae74beaf8b182b9ca53fe6fcb8cee7?s=96&d=mm&r=g","height":96,"width":96}},"publisher":{"@type":"Organization","name":"europea.cz","logo":{"@type":"ImageObject","@id":"\/logo.png","url":"\/logo.png","width":600,"height":60}},"url":"https:\/\/www.europea.cz\/zkuste-zmenit-svuj-zivot\/","wordCount":235,"articleBody":"Tato v\u011bta ve V\u00e1s mo\u017en\u00e1 na prvn\u00ed p\u0159e\u010dten\u00ed probouz\u00ed dojem, \u017ee p\u0159ich\u00e1z\u00edme s n\u011bjakou z\u00e1sadn\u00ed \u017eivotn\u00ed filosofi\u00ed \u010di \u017eivotn\u00edm postojem. Ale opak je pravdou. P\u0159ich\u00e1z\u00edme s nab\u00eddkou, kter\u00e1 je velmi jednoduch\u00e1, p\u0159itom v\u0161ak skute\u010dn\u011b m\u016f\u017ee V\u00e1\u0161 \u017eivot z\u00e1sadn\u011b zm\u011bnit. My nab\u00edz\u00edme n\u00e1vrhy interi\u00e9r\u016f Hradec Kr\u00e1lov\u00e9, p\u0159ich\u00e1z\u00edme s mo\u017enost\u00ed konzultace situace Va\u0161eho domova. A snad nikdo nepochybuje o tom, \u017ee domov m\u00e1 na na\u0161i pohodu z\u00e1sadn\u00ed vliv. Nechte n\u00e1s, abychom pr\u00e1v\u011b ten V\u00e1\u0161 zm\u011bnili k Va\u0161\u00ed pln\u00e9 spokojenosti.A jak vlastn\u011b se zm\u011bnou za\u010d\u00edt?Za\u010d\u00e1tek je velmi jednoduch\u00fd, p\u0159itom v\u0161ak zcela z\u00e1sadn\u00ed. Prvn\u00ed sch\u016fzka prob\u00edh\u00e1 nej\u010dast\u011bji pr\u00e1v\u011b u V\u00e1s doma, respektive v prostor\u00e1ch, kter\u00e9 m\u00e1te v pl\u00e1nu rekonstruovat, za\u0159\u00eddit. Jsme p\u0159esv\u011bd\u010deni o tom, \u017ee osobn\u00ed sympatie \u010di jak\u00e1si mo\u017enost vz\u00e1jemn\u00e9ho nalad\u011bn\u00ed na stejnou vlnu jsou naprosto nezbytn\u00e9 k tomu, aby spolupr\u00e1ce mohla pokra\u010dovat k Va\u0161\u00ed pln\u00e9 spokojenosti. Proto je pr\u00e1v\u011b zm\u00edn\u011bn\u00e1 prvn\u00ed sch\u016fzka naprosto nez\u00e1vazn\u00e1, m\u00e1te mo\u017enost dal\u0161\u00ed spolupr\u00e1ci odm\u00edtnout \u010di naopak potvrdit, z\u00e1le\u017e\u00ed jen a jen na tom, jak to c\u00edt\u00edte.                                                                                                                                                                                                                                                                                                                                                                                                "},{"@context":"https:\/\/schema.org\/","@type":"BreadcrumbList","itemListElement":[{"@type":"ListItem","position":1,"name":"Zkuste zm\u011bnit sv\u016fj \u017eivot","item":"https:\/\/www.europea.cz\/zkuste-zmenit-svuj-zivot\/#breadcrumbitem"}]}]